{"id":970,"date":"2025-08-15T18:00:43","date_gmt":"2025-08-15T18:00:43","guid":{"rendered":"https:\/\/www.mobile-vet.ro\/blog\/?p=970"},"modified":"2025-08-10T18:08:49","modified_gmt":"2025-08-10T18:08:49","slug":"alergiile-sezoniere-la-caini-cum-le-recunosti-si-cum-le-poti-tine-sub-control","status":"publish","type":"post","link":"https:\/\/www.mobile-vet.ro\/blog\/alergiile-sezoniere-la-caini-cum-le-recunosti-si-cum-le-poti-tine-sub-control\/","title":{"rendered":"Alergiile sezoniere la c\u00e2ini: cum le recuno\u0219ti \u0219i cum le po\u021bi \u021bine sub control\u00a0"},"content":{"rendered":"\n<p>Prim\u0103vara \u0219i vara aduc mai mult soare, mai multe plimb\u0103ri \u0219i\u2026 pentru unii c\u00e2ini, mai multe probleme de s\u0103n\u0103tate. Dac\u0103 patrupedul t\u0103u se scarpin\u0103 excesiv, \u00ee\u0219i linge insistent l\u0103bu\u021bele sau \u00ee\u0219i scutur\u0103 des urechile, este posibil s\u0103 sufere de alergii sezoniere. Acestea sunt reac\u021bii exagerate ale sistemului imunitar la alergeni din mediu, cum ar fi polenul, iarba sau praful.\u00a0<\/p>\n\n\n\n<p>\u00cen acest articol \u00ee\u021bi explic\u0103m cum s\u0103 recuno\u0219ti alergiile sezoniere la c\u00e2ini, ce tratamente exist\u0103 \u0219i cum \u00ee\u021bi po\u021bi ajuta prietenul bl\u0103nos s\u0103 treac\u0103 mai u\u0219or peste aceste perioade.\u00a0<\/p>\n\n\n\n<h2 class=\"wp-block-heading\"><strong>Ce sunt alergiile sezoniere<\/strong><\/h2>\n\n\n\n<p>Alergiile sezoniere sunt reac\u021bii inflamatorii declan\u0219ate de factori din mediul \u00eenconjur\u0103tor prezen\u021bi doar \u00een anumite perioade ale anului. Spre deosebire de alergiile alimentare (care se manifest\u0103 tot timpul), alergiile sezoniere apar prim\u0103vara, vara \u0219i uneori toamna, atunci c\u00e2nd concentra\u021bia de alergeni este mai mare.&nbsp;<\/p>\n\n\n\n<p>Cei mai frecven\u021bi declan\u0219atori sunt:&nbsp;<\/p>\n\n\n\n<p>\u25cf Polenul arborilor, ierburilor \u0219i buruienilor.&nbsp;<\/p>\n\n\n\n<p>\u25cf Sporii de mucegai.&nbsp;<\/p>\n\n\n\n<p>\u25cf Praful \u0219i acarienii (mai ales \u00een casele cu umiditate ridicat\u0103).&nbsp;<\/p>\n\n\n\n<p>\u25cf Insectele (\u021b\u00e2n\u021bari, purici \u2013 saliv\u0103 alergic\u0103).&nbsp;<\/p>\n\n\n\n<h2 class=\"wp-block-heading\"><strong>Simptomele alergiilor sezoniere la c\u00e2ini\u00a0<\/strong><\/h2>\n\n\n\n<p>Semnele pot varia de la u\u0219oare la severe \u0219i includ:&nbsp;<\/p>\n\n\n\n<p>\u25cf <strong>Sc\u0103rpinat excesiv <\/strong>(prurit) pe bot, urechi, l\u0103bu\u021be, burt\u0103.&nbsp;<\/p>\n\n\n\n<p>\u25cf <strong>Ro\u0219ea\u021b\u0103 <\/strong>sau inflama\u021bie a pielii.&nbsp;<\/p>\n\n\n\n<p>\u25cf <strong>Lins compulsiv <\/strong>al labelor p\u00e2n\u0103 la r\u0103nire.&nbsp;<\/p>\n\n\n\n<p>\u25cf <strong>C\u0103derea p\u0103rului <\/strong>\u00een anumite zone.&nbsp;<\/p>\n\n\n\n<p>\u25cf <strong>Otite recurente <\/strong>(urechi ro\u0219ii, cu secre\u021bii, miros nepl\u0103cut).&nbsp;<\/p>\n\n\n\n<p>\u25cf Str\u0103nut, l\u0103crimare, nas \u00eenfundat (simptome respiratorii mai rare la c\u00e2ini).&nbsp;<\/p>\n\n\n\n<h2 class=\"wp-block-heading\"><strong>Cum se pune diagnosticul<\/strong><\/h2>\n\n\n\n<p>Veterinarul va face o evaluare clinic\u0103 \u0219i poate recomanda:&nbsp;<\/p>\n\n\n\n<p>\u25cf <strong>Teste de alergie <\/strong>(cutanate sau de s\u00e2nge) pentru identificarea alergenilor.&nbsp;<\/p>\n\n\n\n<p>\u25cf <strong>Excluderea altor cauze <\/strong>(infec\u021bii, parazi\u021bi).&nbsp;<\/p>\n\n\n\n<p>\u25cf Istoricul simptomelor \u2013 foarte important pentru a observa sezonalitatea.&nbsp;<\/p>\n\n\n\n<h2 class=\"wp-block-heading\"><strong>Op\u021biuni de tratament\u00a0<\/strong><\/h2>\n\n\n\n<p>Tratamentul depinde de severitatea simptomelor \u0219i de identificarea alergenilor:\u00a0<\/p>\n\n\n\n<p>\u25cf <strong>Antihistaminice <\/strong>\u2013 reduc reac\u021bia organismului la alergeni.&nbsp;<\/p>\n\n\n\n<p>\u25cf <strong>Corticosteroizi <\/strong>\u2013 pentru cazurile severe, pe termen scurt.&nbsp;<\/p>\n\n\n\n<p>\u25cf <strong>Imunoterapie <\/strong>\u2013 injec\u021bii sau pic\u0103turi personalizate pe baza testelor.&nbsp;<\/p>\n\n\n\n<p><strong>\u0218ampoane medicinale <\/strong>\u2013 reduc m\u00e2nc\u0103rimea \u0219i cur\u0103\u021b\u0103 alergenii de pe piele\/blan\u0103.&nbsp;<\/p>\n\n\n\n<p>\u25cf <strong>Suplimente cu acizi gra\u0219i Omega-3 \u0219i Omega-6 <\/strong>\u2013 sus\u021bin s\u0103n\u0103tatea pielii, precum <a href=\"https:\/\/mobilepet.ro\/vance-derm-protector-caini-si-pisici-60-capsule\">Vance Derm Protector.\u00a0<\/a><\/p>\n\n\n\n<h2 class=\"wp-block-heading\"><strong>Preven\u021bia \u2013 cheia confortului c\u00e2inelui t\u0103u\u00a0<\/strong><\/h2>\n\n\n\n<p>\u25cf Spal\u0103 l\u0103bu\u021bele \u0219i blana cu ap\u0103 curat\u0103 dup\u0103 fiecare plimbare.&nbsp;<\/p>\n\n\n\n<p>\u25cf Evit\u0103 zonele cu iarb\u0103 \u00eenalt\u0103 sau c\u00e2mpurile cu buruieni \u00een sezonul polenului.&nbsp;<\/p>\n\n\n\n<p>\u25cf Aspir\u0103 \u0219i \u0219terge praful \u00een cas\u0103 mai des.&nbsp;<\/p>\n\n\n\n<p>\u25cf Men\u021bine o diet\u0103 echilibrat\u0103 \u0219i bogat\u0103 \u00een nutrien\u021bi.\u00a0<\/p>\n\n\n\n<p><br>Alergiile sezoniere pot fi frustrante pentru tine \u0219i inconfortabile pentru c\u00e2ine. Cu un diagnostic corect \u0219i un plan de tratament personalizat, patrupedul t\u0103u se poate bucura din nou de plimb\u0103ri \u0219i joac\u0103, f\u0103r\u0103 m\u00e2nc\u0103rimi \u0219i disconfort. Dac\u0103 b\u0103nuie\u0219ti c\u0103 are alergii, nu am\u00e2na vizita la medicul veterinar \u2013 preven\u021bia \u0219i interven\u021bia timpurie fac diferen\u021ba\u00a0<\/p>\n\n\n\n<p><\/p>\n","protected":false},"excerpt":{"rendered":"<p>\u00cen acest articol \u00ee\u021bi explic\u0103m cum s\u0103 recuno\u0219ti alergiile sezoniere la c\u00e2ini, ce tratamente exist\u0103 \u0219i cum \u00ee\u021bi po\u021bi ajuta prietenul bl\u0103nos s\u0103 treac\u0103 mai u\u0219or peste aceste perioade.\u00a0<\/p>\n","protected":false},"author":1,"featured_media":971,"comment_status":"closed","ping_status":"closed","sticky":false,"template":"","format":"standard","meta":{"footnotes":""},"categories":[29,32],"tags":[],"class_list":["post-970","post","type-post","status-publish","format-standard","has-post-thumbnail","hentry","category-caini","category-sfaturi-utile"],"yoast_head":"<!-- This site is optimized with the Yoast SEO plugin v26.3 - https:\/\/yoast.com\/wordpress\/plugins\/seo\/ -->\n<title>Alergiile sezoniere la c\u00e2ini - Blog MobileVet<\/title>\n<meta name=\"description\" content=\"Dac\u0103 patrupedul t\u0103u se scarpin\u0103 excesiv, \u00ee\u0219i linge insistent l\u0103bu\u021bele sau \u00ee\u0219i scutur\u0103 des urechile, este posibil s\u0103 sufere de alergii.\" \/>\n<meta name=\"robots\" content=\"index, follow, max-snippet:-1, max-image-preview:large, max-video-preview:-1\" \/>\n<link rel=\"canonical\" href=\"https:\/\/www.mobile-vet.ro\/blog\/alergiile-sezoniere-la-caini-cum-le-recunosti-si-cum-le-poti-tine-sub-control\/\" \/>\n<meta property=\"og:locale\" content=\"ro_RO\" \/>\n<meta property=\"og:type\" content=\"article\" \/>\n<meta property=\"og:title\" content=\"Alergiile sezoniere la c\u00e2ini - Blog MobileVet\" \/>\n<meta property=\"og:description\" content=\"Dac\u0103 patrupedul t\u0103u se scarpin\u0103 excesiv, \u00ee\u0219i linge insistent l\u0103bu\u021bele sau \u00ee\u0219i scutur\u0103 des urechile, este posibil s\u0103 sufere de alergii.\" \/>\n<meta property=\"og:url\" content=\"https:\/\/www.mobile-vet.ro\/blog\/alergiile-sezoniere-la-caini-cum-le-recunosti-si-cum-le-poti-tine-sub-control\/\" \/>\n<meta property=\"og:site_name\" content=\"Blog MobileVet\" \/>\n<meta property=\"article:published_time\" content=\"2025-08-15T18:00:43+00:00\" \/>\n<meta property=\"og:image\" content=\"https:\/\/www.mobile-vet.ro\/blog\/wp-content\/uploads\/2025\/08\/Alergiile-sezoniere-la-caini-scaled.jpg\" \/>\n\t<meta property=\"og:image:width\" content=\"2560\" \/>\n\t<meta property=\"og:image:height\" content=\"1707\" \/>\n\t<meta property=\"og:image:type\" content=\"image\/jpeg\" \/>\n<meta name=\"author\" content=\"Gheoca Razvan\" \/>\n<meta name=\"twitter:card\" content=\"summary_large_image\" \/>\n<meta name=\"twitter:label1\" content=\"Scris de\" \/>\n\t<meta name=\"twitter:data1\" content=\"Gheoca Razvan\" \/>\n\t<meta name=\"twitter:label2\" content=\"Timp estimat pentru citire\" \/>\n\t<meta name=\"twitter:data2\" content=\"1 minut\" \/>\n<!-- \/ Yoast SEO plugin. -->","yoast_head_json":{"title":"Alergiile sezoniere la c\u00e2ini - Blog MobileVet","description":"Dac\u0103 patrupedul t\u0103u se scarpin\u0103 excesiv, \u00ee\u0219i linge insistent l\u0103bu\u021bele sau \u00ee\u0219i scutur\u0103 des urechile, este posibil s\u0103 sufere de alergii.","robots":{"index":"index","follow":"follow","max-snippet":"max-snippet:-1","max-image-preview":"max-image-preview:large","max-video-preview":"max-video-preview:-1"},"canonical":"https:\/\/www.mobile-vet.ro\/blog\/alergiile-sezoniere-la-caini-cum-le-recunosti-si-cum-le-poti-tine-sub-control\/","og_locale":"ro_RO","og_type":"article","og_title":"Alergiile sezoniere la c\u00e2ini - Blog MobileVet","og_description":"Dac\u0103 patrupedul t\u0103u se scarpin\u0103 excesiv, \u00ee\u0219i linge insistent l\u0103bu\u021bele sau \u00ee\u0219i scutur\u0103 des urechile, este posibil s\u0103 sufere de alergii.","og_url":"https:\/\/www.mobile-vet.ro\/blog\/alergiile-sezoniere-la-caini-cum-le-recunosti-si-cum-le-poti-tine-sub-control\/","og_site_name":"Blog MobileVet","article_published_time":"2025-08-15T18:00:43+00:00","og_image":[{"width":2560,"height":1707,"url":"https:\/\/www.mobile-vet.ro\/blog\/wp-content\/uploads\/2025\/08\/Alergiile-sezoniere-la-caini-scaled.jpg","type":"image\/jpeg"}],"author":"Gheoca Razvan","twitter_card":"summary_large_image","twitter_misc":{"Scris de":"Gheoca Razvan","Timp estimat pentru citire":"1 minut"},"schema":{"@context":"https:\/\/schema.org","@graph":[{"@type":"WebPage","@id":"https:\/\/www.mobile-vet.ro\/blog\/alergiile-sezoniere-la-caini-cum-le-recunosti-si-cum-le-poti-tine-sub-control\/","url":"https:\/\/www.mobile-vet.ro\/blog\/alergiile-sezoniere-la-caini-cum-le-recunosti-si-cum-le-poti-tine-sub-control\/","name":"Alergiile sezoniere la c\u00e2ini - Blog MobileVet","isPartOf":{"@id":"https:\/\/www.mobile-vet.ro\/blog\/#website"},"primaryImageOfPage":{"@id":"https:\/\/www.mobile-vet.ro\/blog\/alergiile-sezoniere-la-caini-cum-le-recunosti-si-cum-le-poti-tine-sub-control\/#primaryimage"},"image":{"@id":"https:\/\/www.mobile-vet.ro\/blog\/alergiile-sezoniere-la-caini-cum-le-recunosti-si-cum-le-poti-tine-sub-control\/#primaryimage"},"thumbnailUrl":"https:\/\/www.mobile-vet.ro\/blog\/wp-content\/uploads\/2025\/08\/Alergiile-sezoniere-la-caini-scaled.jpg","datePublished":"2025-08-15T18:00:43+00:00","author":{"@id":"https:\/\/www.mobile-vet.ro\/blog\/#\/schema\/person\/b5004f023bd40e4f307605424742ff69"},"description":"Dac\u0103 patrupedul t\u0103u se scarpin\u0103 excesiv, \u00ee\u0219i linge insistent l\u0103bu\u021bele sau \u00ee\u0219i scutur\u0103 des urechile, este posibil s\u0103 sufere de alergii.","breadcrumb":{"@id":"https:\/\/www.mobile-vet.ro\/blog\/alergiile-sezoniere-la-caini-cum-le-recunosti-si-cum-le-poti-tine-sub-control\/#breadcrumb"},"inLanguage":"ro-RO","potentialAction":[{"@type":"ReadAction","target":["https:\/\/www.mobile-vet.ro\/blog\/alergiile-sezoniere-la-caini-cum-le-recunosti-si-cum-le-poti-tine-sub-control\/"]}]},{"@type":"ImageObject","inLanguage":"ro-RO","@id":"https:\/\/www.mobile-vet.ro\/blog\/alergiile-sezoniere-la-caini-cum-le-recunosti-si-cum-le-poti-tine-sub-control\/#primaryimage","url":"https:\/\/www.mobile-vet.ro\/blog\/wp-content\/uploads\/2025\/08\/Alergiile-sezoniere-la-caini-scaled.jpg","contentUrl":"https:\/\/www.mobile-vet.ro\/blog\/wp-content\/uploads\/2025\/08\/Alergiile-sezoniere-la-caini-scaled.jpg","width":2560,"height":1707},{"@type":"BreadcrumbList","@id":"https:\/\/www.mobile-vet.ro\/blog\/alergiile-sezoniere-la-caini-cum-le-recunosti-si-cum-le-poti-tine-sub-control\/#breadcrumb","itemListElement":[{"@type":"ListItem","position":1,"name":"Prima pagin\u0103","item":"https:\/\/www.mobile-vet.ro\/blog\/"},{"@type":"ListItem","position":2,"name":"Alergiile sezoniere la c\u00e2ini: cum le recuno\u0219ti \u0219i cum le po\u021bi \u021bine sub control\u00a0"}]},{"@type":"WebSite","@id":"https:\/\/www.mobile-vet.ro\/blog\/#website","url":"https:\/\/www.mobile-vet.ro\/blog\/","name":"Blog MobileVet","description":"","potentialAction":[{"@type":"SearchAction","target":{"@type":"EntryPoint","urlTemplate":"https:\/\/www.mobile-vet.ro\/blog\/?s={search_term_string}"},"query-input":{"@type":"PropertyValueSpecification","valueRequired":true,"valueName":"search_term_string"}}],"inLanguage":"ro-RO"},{"@type":"Person","@id":"https:\/\/www.mobile-vet.ro\/blog\/#\/schema\/person\/b5004f023bd40e4f307605424742ff69","name":"Gheoca Razvan","image":{"@type":"ImageObject","inLanguage":"ro-RO","@id":"https:\/\/www.mobile-vet.ro\/blog\/#\/schema\/person\/image\/","url":"https:\/\/www.mobile-vet.ro\/blog\/wp-content\/uploads\/2019\/11\/L1A8559-150x150.jpg","contentUrl":"https:\/\/www.mobile-vet.ro\/blog\/wp-content\/uploads\/2019\/11\/L1A8559-150x150.jpg","caption":"Gheoca Razvan"},"description":"Dr. Razvan Gheoca\\n Grad Profesional: Medic Veterinar\\n\\n Razvan Gheoca este unul dintre fondatorii clinicii veterinare Mobile Vet.\\n \\n 2015: Cursuri de perfectionarea tehnicilor de osteosinteza - Societatea Romana Veterinara de Ortopedie\\n 2015: Cursuri de specializare in Dializa Peritoneala la Animalele de companie - Facultatea de Medicina Veterinara Bucuresti\\n 2014: Cursuri de specializare in Ortopedie si Traumatologie Veterinara - Societatea Romana Veterinara de Ortopedie\\n 2014: Cursuri de specializare in Parazitologie canina si felina - Colegiul Medicilor Veterinari, Filiala Municipiului Bucuresti\\n 2014: Cursuri de specializare in Hematologie - Colegiul Medicilor Veterinari, Filiala Municipiului Bucuresti\\n 2014: Cursuri de specializare in Medicina Veterinara de Urgenta - Colegiul Medicilor Veterinari, Filiala Municipiului Bucuresti\\n 2013: Medic Veterinar primar si Administrator al clinicii veterinare Mobile Vet, din Bucuresti.\\n 2012: Absolvent al Universitatii de Stiinte Agronomice si Medicina Veterinara, Bucuresti - Facultatea de Medicina Veterinara","url":"https:\/\/www.mobile-vet.ro\/blog\/author\/admin\/"}]}},"_links":{"self":[{"href":"https:\/\/www.mobile-vet.ro\/blog\/wp-json\/wp\/v2\/posts\/970","targetHints":{"allow":["GET"]}}],"collection":[{"href":"https:\/\/www.mobile-vet.ro\/blog\/wp-json\/wp\/v2\/posts"}],"about":[{"href":"https:\/\/www.mobile-vet.ro\/blog\/wp-json\/wp\/v2\/types\/post"}],"author":[{"embeddable":true,"href":"https:\/\/www.mobile-vet.ro\/blog\/wp-json\/wp\/v2\/users\/1"}],"replies":[{"embeddable":true,"href":"https:\/\/www.mobile-vet.ro\/blog\/wp-json\/wp\/v2\/comments?post=970"}],"version-history":[{"count":1,"href":"https:\/\/www.mobile-vet.ro\/blog\/wp-json\/wp\/v2\/posts\/970\/revisions"}],"predecessor-version":[{"id":972,"href":"https:\/\/www.mobile-vet.ro\/blog\/wp-json\/wp\/v2\/posts\/970\/revisions\/972"}],"wp:featuredmedia":[{"embeddable":true,"href":"https:\/\/www.mobile-vet.ro\/blog\/wp-json\/wp\/v2\/media\/971"}],"wp:attachment":[{"href":"https:\/\/www.mobile-vet.ro\/blog\/wp-json\/wp\/v2\/media?parent=970"}],"wp:term":[{"taxonomy":"category","embeddable":true,"href":"https:\/\/www.mobile-vet.ro\/blog\/wp-json\/wp\/v2\/categories?post=970"},{"taxonomy":"post_tag","embeddable":true,"href":"https:\/\/www.mobile-vet.ro\/blog\/wp-json\/wp\/v2\/tags?post=970"}],"curies":[{"name":"wp","href":"https:\/\/api.w.org\/{rel}","templated":true}]}}